{"id":1382,"date":"2017-07-04T11:51:50","date_gmt":"2017-07-04T17:51:50","guid":{"rendered":"http:\/\/www.tudominioweb.es\/Montseny\/?p=1382"},"modified":"2017-07-04T11:51:50","modified_gmt":"2017-07-04T17:51:50","slug":"illa-i-colomer-joan-i-font-valenti-gemma-lexplotacio-forestal-a-arbucies-per-la-construccio-de-galeres-s-xvi-i-xvii-26-2011-p-73-89","status":"publish","type":"post","link":"https:\/\/www.tudominioweb.es\/Montseny\/2017\/07\/04\/illa-i-colomer-joan-i-font-valenti-gemma-lexplotacio-forestal-a-arbucies-per-la-construccio-de-galeres-s-xvi-i-xvii-26-2011-p-73-89\/","title":{"rendered":"Illa i Colomer, joan i Font valent\u00ed, Gemma. L\u2019explotaci\u00f3 forestal a Arb\u00facies per la construcci\u00f3 de galeres (s. XVI i XVII). 26 (2011), p. 73-89"},"content":{"rendered":"","protected":false},"excerpt":{"rendered":"","protected":false},"author":1,"featured_media":0,"comment_status":"closed","ping_status":"closed","sticky":false,"template":"","format":"standard","meta":{"footnotes":""},"categories":[1],"tags":[],"class_list":{"0":"post-1382","1":"post","2":"type-post","3":"status-publish","4":"format-standard","6":"category-sin-categoria"},"_links":{"self":[{"href":"https:\/\/www.tudominioweb.es\/Montseny\/wp-json\/wp\/v2\/posts\/1382","targetHints":{"allow":["GET"]}}],"collection":[{"href":"https:\/\/www.tudominioweb.es\/Montseny\/wp-json\/wp\/v2\/posts"}],"about":[{"href":"https:\/\/www.tudominioweb.es\/Montseny\/wp-json\/wp\/v2\/types\/post"}],"author":[{"embeddable":true,"href":"https:\/\/www.tudominioweb.es\/Montseny\/wp-json\/wp\/v2\/users\/1"}],"replies":[{"embeddable":true,"href":"https:\/\/www.tudominioweb.es\/Montseny\/wp-json\/wp\/v2\/comments?post=1382"}],"version-history":[{"count":1,"href":"https:\/\/www.tudominioweb.es\/Montseny\/wp-json\/wp\/v2\/posts\/1382\/revisions"}],"predecessor-version":[{"id":1384,"href":"https:\/\/www.tudominioweb.es\/Montseny\/wp-json\/wp\/v2\/posts\/1382\/revisions\/1384"}],"wp:attachment":[{"href":"https:\/\/www.tudominioweb.es\/Montseny\/wp-json\/wp\/v2\/media?parent=1382"}],"wp:term":[{"taxonomy":"category","embeddable":true,"href":"https:\/\/www.tudominioweb.es\/Montseny\/wp-json\/wp\/v2\/categories?post=1382"},{"taxonomy":"post_tag","embeddable":true,"href":"https:\/\/www.tudominioweb.es\/Montseny\/wp-json\/wp\/v2\/tags?post=1382"}],"curies":[{"name":"wp","href":"https:\/\/api.w.org\/{rel}","templated":true}]}}