{"id":428,"date":"2017-07-03T02:47:41","date_gmt":"2017-07-03T08:47:41","guid":{"rendered":"http:\/\/www.tudominioweb.es\/Montseny\/?p=428"},"modified":"2017-07-03T02:47:41","modified_gmt":"2017-07-03T08:47:41","slug":"comajuan-i-more-esteve-i-mendez-i-granados-ricard-museu-comajuan-arbres-i-fauna-vertebrada-del-massis-del-montseny-7-1992-p-155-165","status":"publish","type":"post","link":"https:\/\/www.tudominioweb.es\/Montseny\/2017\/07\/03\/comajuan-i-more-esteve-i-mendez-i-granados-ricard-museu-comajuan-arbres-i-fauna-vertebrada-del-massis-del-montseny-7-1992-p-155-165\/","title":{"rendered":"Comajuan i Mor\u00e9, Esteve i M\u00e9ndez i Granados, Ricard. Museu Comajuan. Arbres i fauna vertebrada del mass\u00eds del Montseny. 7 (1992), p. 155-165"},"content":{"rendered":"<iframe src=\"\/\/docs.google.com\/viewer?url=http%3A%2F%2Fwww.tudominioweb.es%2FMontseny%2Fwp-content%2Fuploads%2F2017%2F07%2F178.pdf&hl=en_US&embedded=true\" class=\"gde-frame\" style=\"width:100%; height:500px; border: none;\" scrolling=\"no\"><\/iframe>\n<p class=\"gde-text\"><a href=\"http:\/\/www.tudominioweb.es\/Montseny\/wp-content\/uploads\/2017\/07\/178.pdf\" class=\"gde-link\">Download (PDF, 548KB)<\/a><\/p>\n","protected":false},"excerpt":{"rendered":"Download (PDF, 548KB)","protected":false},"author":1,"featured_media":0,"comment_status":"closed","ping_status":"closed","sticky":false,"template":"","format":"standard","meta":{"footnotes":""},"categories":[1],"tags":[],"class_list":{"0":"post-428","1":"post","2":"type-post","3":"status-publish","4":"format-standard","6":"category-sin-categoria"},"_links":{"self":[{"href":"https:\/\/www.tudominioweb.es\/Montseny\/wp-json\/wp\/v2\/posts\/428","targetHints":{"allow":["GET"]}}],"collection":[{"href":"https:\/\/www.tudominioweb.es\/Montseny\/wp-json\/wp\/v2\/posts"}],"about":[{"href":"https:\/\/www.tudominioweb.es\/Montseny\/wp-json\/wp\/v2\/types\/post"}],"author":[{"embeddable":true,"href":"https:\/\/www.tudominioweb.es\/Montseny\/wp-json\/wp\/v2\/users\/1"}],"replies":[{"embeddable":true,"href":"https:\/\/www.tudominioweb.es\/Montseny\/wp-json\/wp\/v2\/comments?post=428"}],"version-history":[{"count":1,"href":"https:\/\/www.tudominioweb.es\/Montseny\/wp-json\/wp\/v2\/posts\/428\/revisions"}],"predecessor-version":[{"id":430,"href":"https:\/\/www.tudominioweb.es\/Montseny\/wp-json\/wp\/v2\/posts\/428\/revisions\/430"}],"wp:attachment":[{"href":"https:\/\/www.tudominioweb.es\/Montseny\/wp-json\/wp\/v2\/media?parent=428"}],"wp:term":[{"taxonomy":"category","embeddable":true,"href":"https:\/\/www.tudominioweb.es\/Montseny\/wp-json\/wp\/v2\/categories?post=428"},{"taxonomy":"post_tag","embeddable":true,"href":"https:\/\/www.tudominioweb.es\/Montseny\/wp-json\/wp\/v2\/tags?post=428"}],"curies":[{"name":"wp","href":"https:\/\/api.w.org\/{rel}","templated":true}]}}