{"id":778,"date":"2017-07-03T08:12:59","date_gmt":"2017-07-03T14:12:59","guid":{"rendered":"http:\/\/www.tudominioweb.es\/Montseny\/?p=778"},"modified":"2017-07-03T08:12:59","modified_gmt":"2017-07-03T14:12:59","slug":"font-i-valenti-gemma-mateu-i-gasquet-joaquim-pujadas-i-mitja-sandra-rueda-i-torres-josep-manuel-i-tura-i-masnou-jordi-el-poblament-iberic-ala-vall-darbucies-15-2000-p-71-83","status":"publish","type":"post","link":"https:\/\/www.tudominioweb.es\/Montseny\/2017\/07\/03\/font-i-valenti-gemma-mateu-i-gasquet-joaquim-pujadas-i-mitja-sandra-rueda-i-torres-josep-manuel-i-tura-i-masnou-jordi-el-poblament-iberic-ala-vall-darbucies-15-2000-p-71-83\/","title":{"rendered":"Font i valent\u00ed, Gemma, Mateu i Gasquet, joaquim, Pujadas i Mitj\u00e0, Sandra, Rueda i Torres, josep Manuel i Tura i Masnou, jordi. El poblament ib\u00e8ric ala vall d\u2019Arb\u00facies. 15 (2000), p. 71-83"},"content":{"rendered":"<iframe src=\"\/\/docs.google.com\/viewer?url=http%3A%2F%2Fwww.tudominioweb.es%2FMontseny%2Fwp-content%2Fuploads%2F2017%2F07%2F219.pdf&hl=en_US&embedded=true\" class=\"gde-frame\" style=\"width:100%; height:500px; border: none;\" scrolling=\"no\"><\/iframe>\n<p class=\"gde-text\"><a href=\"http:\/\/www.tudominioweb.es\/Montseny\/wp-content\/uploads\/2017\/07\/219.pdf\" class=\"gde-link\">Download (PDF, 640KB)<\/a><\/p>\n","protected":false},"excerpt":{"rendered":"Download (PDF, 640KB)","protected":false},"author":1,"featured_media":0,"comment_status":"closed","ping_status":"closed","sticky":false,"template":"","format":"standard","meta":{"footnotes":""},"categories":[1],"tags":[],"class_list":{"0":"post-778","1":"post","2":"type-post","3":"status-publish","4":"format-standard","6":"category-sin-categoria"},"_links":{"self":[{"href":"https:\/\/www.tudominioweb.es\/Montseny\/wp-json\/wp\/v2\/posts\/778","targetHints":{"allow":["GET"]}}],"collection":[{"href":"https:\/\/www.tudominioweb.es\/Montseny\/wp-json\/wp\/v2\/posts"}],"about":[{"href":"https:\/\/www.tudominioweb.es\/Montseny\/wp-json\/wp\/v2\/types\/post"}],"author":[{"embeddable":true,"href":"https:\/\/www.tudominioweb.es\/Montseny\/wp-json\/wp\/v2\/users\/1"}],"replies":[{"embeddable":true,"href":"https:\/\/www.tudominioweb.es\/Montseny\/wp-json\/wp\/v2\/comments?post=778"}],"version-history":[{"count":1,"href":"https:\/\/www.tudominioweb.es\/Montseny\/wp-json\/wp\/v2\/posts\/778\/revisions"}],"predecessor-version":[{"id":780,"href":"https:\/\/www.tudominioweb.es\/Montseny\/wp-json\/wp\/v2\/posts\/778\/revisions\/780"}],"wp:attachment":[{"href":"https:\/\/www.tudominioweb.es\/Montseny\/wp-json\/wp\/v2\/media?parent=778"}],"wp:term":[{"taxonomy":"category","embeddable":true,"href":"https:\/\/www.tudominioweb.es\/Montseny\/wp-json\/wp\/v2\/categories?post=778"},{"taxonomy":"post_tag","embeddable":true,"href":"https:\/\/www.tudominioweb.es\/Montseny\/wp-json\/wp\/v2\/tags?post=778"}],"curies":[{"name":"wp","href":"https:\/\/api.w.org\/{rel}","templated":true}]}}